{"id":1754,"date":"2019-08-05T16:39:46","date_gmt":"2019-08-05T16:39:46","guid":{"rendered":"https:\/\/swmsw.pl\/?p=1754"},"modified":"2019-10-13T07:06:58","modified_gmt":"2019-10-13T07:06:58","slug":"projekt-weterani-rp-wzielismy-udzial-w-ultramaratonie-powstanca-1944-2019","status":"publish","type":"post","link":"https:\/\/swmsw.pl\/?p=1754","title":{"rendered":"Projekt WETERANI RP \u2013 wzi\u0119li\u015bmy udzia\u0142 w Ultramaratonie Powsta\u0144ca 1944-2019"},"content":{"rendered":"\n<p>Ultramaraton Powsta\u0144ca 1944 \u2013 2019 (5. edycja) odby\u0142 si\u0119 w Wieliszewie pod Warszaw\u0105 w dniu 04 sierpnia br. \u00a0Wzi\u0119li w nim udzia\u0142 weterani \u00a0i sympatycy Projektu. <\/p>\n\n\n\n<p>Na wymagaj\u0105cej trasie o d\u0142ugo\u015bci&nbsp; 63 km zawodnicy mieli za zadanie przeby\u0107\nszlak kuriera powsta\u0144czego, zaliczy\u0107 kolejne punkty kontrolne i punkty zmian\nzwi\u0105zane z historycznym&nbsp; szlakiem Polski\nWalcz\u0105cej. <\/p>\n\n\n\n<p>Tym razem opr\u00f3cz sztafety 7-osobowej \u201ewystawili\u015bmy\u201d r\u00f3wnie\u017c\n2-osobow\u0105. To by\u0142 przys\u0142owiowy strza\u0142 w 10. Zaj\u0119li\u015bmy 1 miejsce w kat. sztafet\n2-osobowych ze \u015bwietnym czasem 04:33:44 oraz 1 i 2 miejsce w kat. sztafet\nmundurowych. <\/p>\n\n\n\n<p>W sztafecie 2- osobowej pobiegli nadkom. Pawe\u0142 Makarowski z\nKGP i podinsp. Maciej Wojciechowski z WSPol, a w 7-osobowej: nadkom. Ma\u0142gorzata\nD\u0105browska (KGP), m\u0142. insp. w st. spocz. Marek G\u00f3rnicki, asp. sztab. w&nbsp; st. spocz. Andrzej Idzikowski, nadkom. w st.\nspocz. Dariusz Mazurek oraz sympatycy: Ewa i dw\u00f3ch Krzysztof\u00f3w.<\/p>\n\n\n\n<p><em>W relacji fotograficznej wykorzystano zdj\u0119cia @Darek \u015alusarski Fotografia<\/em><\/p>\n\n\n\n<p>no images were found<\/p>\n","protected":false},"excerpt":{"rendered":"<p>Ultramaraton Powsta\u0144ca 1944 \u2013 2019 (5. edycja) odby\u0142 si\u0119 w Wieliszewie pod Warszaw\u0105 w dniu 04 sierpnia br. \u00a0Wzi\u0119li w nim udzia\u0142 weterani \u00a0i sympatycy Projektu. Na wymagaj\u0105cej trasie o d\u0142ugo\u015bci&nbsp; 63 km zawodnicy mieli&#46;&#46;&#46;<\/p>\n","protected":false},"author":1,"featured_media":1755,"comment_status":"closed","ping_status":"open","sticky":false,"template":"","format":"standard","meta":{"ngg_post_thumbnail":0,"footnotes":""},"categories":[5,15],"tags":[],"_links":{"self":[{"href":"https:\/\/swmsw.pl\/index.php?rest_route=\/wp\/v2\/posts\/1754"}],"collection":[{"href":"https:\/\/swmsw.pl\/index.php?rest_route=\/wp\/v2\/posts"}],"about":[{"href":"https:\/\/swmsw.pl\/index.php?rest_route=\/wp\/v2\/types\/post"}],"author":[{"embeddable":true,"href":"https:\/\/swmsw.pl\/index.php?rest_route=\/wp\/v2\/users\/1"}],"replies":[{"embeddable":true,"href":"https:\/\/swmsw.pl\/index.php?rest_route=%2Fwp%2Fv2%2Fcomments&post=1754"}],"version-history":[{"count":1,"href":"https:\/\/swmsw.pl\/index.php?rest_route=\/wp\/v2\/posts\/1754\/revisions"}],"predecessor-version":[{"id":1756,"href":"https:\/\/swmsw.pl\/index.php?rest_route=\/wp\/v2\/posts\/1754\/revisions\/1756"}],"wp:featuredmedia":[{"embeddable":true,"href":"https:\/\/swmsw.pl\/index.php?rest_route=\/wp\/v2\/media\/1755"}],"wp:attachment":[{"href":"https:\/\/swmsw.pl\/index.php?rest_route=%2Fwp%2Fv2%2Fmedia&parent=1754"}],"wp:term":[{"taxonomy":"category","embeddable":true,"href":"https:\/\/swmsw.pl\/index.php?rest_route=%2Fwp%2Fv2%2Fcategories&post=1754"},{"taxonomy":"post_tag","embeddable":true,"href":"https:\/\/swmsw.pl\/index.php?rest_route=%2Fwp%2Fv2%2Ftags&post=1754"}],"curies":[{"name":"wp","href":"https:\/\/api.w.org\/{rel}","templated":true}]}}