{"id":1682,"date":"2019-07-23T16:45:06","date_gmt":"2019-07-23T16:45:06","guid":{"rendered":"https:\/\/swmsw.pl\/?p=1682"},"modified":"2019-10-13T06:51:23","modified_gmt":"2019-10-13T06:51:23","slug":"wiecej-ulatwien-dla-weteranow-i-weteranow-poszkodowanych","status":"publish","type":"post","link":"https:\/\/swmsw.pl\/?p=1682","title":{"rendered":"Wi\u0119cej u\u0142atwie\u0144 dla weteran\u00f3w i weteran\u00f3w poszkodowanych"},"content":{"rendered":"\n<p>Wi\u0119cej u\u0142atwie\u0144 dla weteran\u00f3w i weteran\u00f3w poszkodowanych w misjach poza granicami Polski przewiduje przyj\u0119ta 19 lipca br. przez Sejm nowelizacja ustawy o weteranach.<br>Projekt rozwi\u0105za\u0144 przygotowanych w Ministerstwie Obrony Narodowej ma stworzy\u0107 bardziej efektywny system pomocy i wsparcia weteran\u00f3w.<\/p>\n\n\n\n<p>Przedstawiamy szczeg\u00f3\u0142ow\u0105 informacj\u0119 o dodatkowych uprawnianiach wynikaj\u0105cych z proponowanych rozwi\u0105za\u0144.<\/p>\n\n\n\n<p>Weterani oraz weterani poszkodowani z zachowaniem wszystkich dotychczasowych uprawnie\u0144 otrzymaj\u0105 dodatkowo prawo:<br>1\/ do bezp\u0142atnego korzystania z hali sportowej, si\u0142owni i p\u0142ywalni b\u0119d\u0105cych w zasobie jednostek samorz\u0105du terytorialnego.<br>2\/ do zwolnienia z op\u0142at za wst\u0119p do muze\u00f3w pa\u0144stwowych.<br>3\/ pierwsze\u0144stwo do umieszczenia w domu emeryta wojskowego oraz w Domu Weterana dla weteran\u00f3w i weteran\u00f3w poszkodowanych szczeg\u00f3lnie zas\u0142u\u017conych z tytu\u0142u dzia\u0142alno\u015bci na rzecz suwerennej i demokratycznej Rzeczypospolitej Polskiej lub odznaczonych Orderem Virtuti Militari albo Orderem Krzy\u017ca Wojskowego. Ponadto rozszerzono dotychczasow\u0105 definicj\u0119 Domu Weterana daj\u0105c mo\u017cliwo\u015b\u0107 umieszczenia w nim weteran\u00f3w przewlekle chorych (w tym onkologicznie i psychiatrycznie).<br>4\/ do skierowania po powrocie do kraju oraz pokrycia pe\u0142nych koszt\u00f3w uczestnictwa w turnusie leczniczo-profilaktycznym \u017co\u0142nierza zawodowego oraz 50% koszt\u00f3w uczestnictwa pe\u0142noletniego najbli\u017cszego cz\u0142onka rodziny (dot. s\u0142. czynnej).<br>5\/ mo\u017cliwo\u015b\u0107 skorzystania przez weterana z miejsca zakwaterowania b\u0119d\u0105cego w zasobach Agencji Mienia Wojskowego wraz z mo\u017cliwo\u015bci\u0105 zakwaterowania opiekuna pod warunkiem zaspokojenia w pierwszej kolejno\u015bci potrzeb \u017co\u0142nierzy.<br>6\/ mo\u017cliwo\u015b\u0107 uzyskania statusu weterana i weterana-poszkodowanego przez uczestnik\u00f3w komisji powo\u0142anych na mocy porozumie\u0144 mi\u0119dzynarodowych w sprawie zawieszenia dzia\u0142a\u0144 wojennych w Korei, Wietnamie, Kambod\u017cy i Laosie w celu kontroli i nadzoru nad wdro\u017ceniem ich postanowie\u0144 oraz misje humanitarne (np. misja w Pakistanie w roku 2005\/2006)<\/p>\n\n\n\n<p>Wszyscy weterani poszkodowani &#8211; wszystkie powy\u017csze z zachowaniem dotychczasowych uprawnie\u0144 (dotyczy leczenia uraz\u00f3w i chor\u00f3b nabytych podczas wykonywania zada\u0144 poza granicami pa\u0144stwa) czyli np.:<\/p>\n\n\n\n<p>1\/ pokrycie z bud\u017cetu pa\u0144stwa, z cz\u0119\u015bci, kt\u00f3rej dysponentem jest Minister Obrony Narodowej \u015bwiadcze\u0144 opieki zdrowotnej niezakwalifikowanych jako \u015bwiadczenia gwarantowane oraz odp\u0142atnych \u015bwiadcze\u0144 opieki zdrowotnej\u00a0<br>2\/ prawo do bezp\u0142atnych wyrob\u00f3w medycznych na zlecenie osoby uprawnionej;<br>3\/ prawo do korzystania poza kolejno\u015bci\u0105 ze \u015bwiadcze\u0144 opieki zdrowotnej;<br>4\/ bezp\u0142atne zaopatrzenie w leki o kategorii dost\u0119pno\u015bci \u201ePO\u201d oraz inne \u2026\u2026.<\/p>\n\n\n\n<p>oraz dodatkowo:<br>1\/ weterani w s\u0142u\u017cbie czynnej do dodatkowego urlopu w wymiarze 5 dni \u2013 z zachowaniem warunku nieprzekroczenia 26 dni ju\u017c przys\u0142uguj\u0105cego urlopu.<br>2\/ do ulgowych przejazd\u00f3w \u015brodkami publicznego transportu zbiorowego.<br>3\/ okre\u015blone w art. 14, art. 15, art. 22 ust. 1 oraz art. 23a ustawy z dnia 29 maja 1974 r. o zaopatrzeniu inwalid\u00f3w wojennych i wojskowych oraz ich rodzin \u2013 czyli:<br>a) wymagaj\u0105cemu leczenia sanatoryjnego, przys\u0142uguje prawo do skierowania na pobyt w sanatorium co najmniej raz na 3 lata niezale\u017cnie od przys\u0142uguj\u0105cego mu z tytu\u0142u zatrudnienia urlopu wypoczynkowego;<br>b) mo\u017ce by\u0107 poddany specjalnemu leczeniu, przeszkoleniu oraz usprawnieniu w o\u015brodkach rehabilitacji w celu ca\u0142kowitego lub cz\u0119\u015bciowego przywr\u00f3cenia zdolno\u015bci do pracy albo zapobie\u017cenia pogorszeniu stanu zdrowia. W zakresie specjalnego leczenia, przeszkolenia oraz usprawnienia stosuje si\u0119 odpowiednio przepisy o emeryturach i rentach z Funduszu Ubezpiecze\u0144 Spo\u0142ecznych;<br>c) wymagaj\u0105cy szczeg\u00f3lnej opieki korzysta z pierwsze\u0144stwa w umieszczeniu, na jego wniosek, w domu kombatanta lub w domu pomocy spo\u0142ecznej. Na pokrycie koszt\u00f3w utrzymania w tych domach mo\u017cna dokonywa\u0107 potr\u0105ce\u0144 z renty wed\u0142ug zasad okre\u015blonych w przepisach o emeryturach i rentach z Funduszu Ubezpiecze\u0144 Spo\u0142ecznych.;<br>d) zwolnienie z op\u0142at abonamentowych za u\u017cywanie odbiornik\u00f3w radiowych i telewizyjnych.<br>4\/ obni\u017cenie miesi\u0119cznej op\u0142aty za wy\u017cywienie i zakwaterowanie weterana poszkodowanego przebywaj\u0105cego w Domu Weterana ustala si\u0119 w wysoko\u015bci odpowiadaj\u0105cej 250% najni\u017cszej emerytury, z tym \u017ce op\u0142ata ta nie mo\u017ce by\u0107 wy\u017csza ni\u017c kwota odpowiadaj\u0105ca 50% miesi\u0119cznego dochodu weterana poszkodowanego \u2013 dotychczas by\u0142o to 70%.<\/p>\n\n\n\n<p>Weterani poszkodowani z uszczerbkiem 1-9 % wszystkie powy\u017csze z zachowaniem dotychczasowych uprawnie\u0144 oraz dodatkowo:<br>1\/ pobieraj\u0105cy emerytur\u0119 lub rent\u0119 inwalidzk\u0105, otrzymaj\u0105 prawo do dodatku weterana poszkodowanego w wysoko\u015bci 5% podstawy wymiaru (tym samym rozszerzono uprawnienie do dodatku na wszystkich weteran\u00f3w poszkodowanych).<\/p>\n\n\n\n<p>Weterani poszkodowani z uszczerbkiem na zdrowiu wynosz\u0105cym co najmniej 30% z zachowaniem wszystkich powy\u017cszych oraz dotychczasowych uprawnie\u0144 oraz dodatkowo otrzymaj\u0105:<br>1\/ prawo do uzyskania pomocy finansowej na dwie formy kszta\u0142cenia.<br>2\/ prawo do udzia\u0142u (nie cz\u0119\u015bciej ni\u017c raz w roku kalendarzowym) w 14-dniowych, bezp\u0142atnych turnusach readaptacyjno-kondycyjnych obejmuj\u0105cych w szczeg\u00f3lno\u015bci zaj\u0119cia psychologiczne, sportowo-rekreacyjne i fizjoterapeutyczne, a organizowanych przez jednostki organizacyjne podleg\u0142e Ministrowi Obrony Narodowej. W turnusie readaptacyjno-kondycyjnym wraz z weteranem poszkodowanym mo\u017ce uczestniczy\u0107 pe\u0142noletni najbli\u017cszy cz\u0142onek rodziny.<br>3\/ zwi\u0119kszenie wymiaru dodatku weterana poszkodowanego dla uprawnionych do jego pobierania z uszczerbkiem od 31% (odpowiednio wg wykazu).<br>4\/ prawo do korzystania poza kolejno\u015bci\u0105 ze \u015bwiadcze\u0144 opieki zdrowotnej oraz z us\u0142ug farmaceutycznych udzielanych w aptekach.<br>5\/ pokrycie z bud\u017cetu pa\u0144stwa, z cz\u0119\u015bci, kt\u00f3rej dysponentem jest Minister Obrony Narodowej \u015bwiadcze\u0144 opieki zdrowotnej niezakwalifikowanych jako \u015bwiadczenia gwarantowane oraz odp\u0142atnych \u015bwiadcze\u0144 opieki zdrowotnej (dotychczas dotyczy\u0142o to tylko leczenia uraz\u00f3w i chor\u00f3b nabytych podczas wykonywania zada\u0144 poza granicami pa\u0144stwa).<br>6\/ bezp\u0142atne zaopatrzenie w leki o kategorii dost\u0119pno\u015bci \u201eRp\u201d lub \u201eRpz\u201d oraz \u015brodki spo\u017cywcze specjalnego przeznaczenia \u017cywieniowego obj\u0119te decyzj\u0105 o refundacji, dopuszczone do obrotu na terytorium Rzeczypospolitej Polskiej (dotychczas dotyczy\u0142o to tylko leczenia uraz\u00f3w i chor\u00f3b nabytych podczas wykonywania zada\u0144 poza granicami pa\u0144stwa oraz zaopatrzenia w leki o kategorii dost\u0119pno\u015bci \u201ePo\u201d).<br>7\/ prawo do bezp\u0142atnych wyrob\u00f3w medycznych na zlecenie osoby uprawnionej.<br>8\/ Prawo do ambulatoryjnego \u015bwiadczenia specjalistycznego finansowanego ze \u015brodk\u00f3w publicznych bez skierowania lekarza ubezpieczenia zdrowotnego.<\/p>\n\n\n\n<p>Dodatkowo odr\u0119bn\u0105 decyzj\u0105 MON wprowadzone zostan\u0105 bezp\u0142atne turnusy readaptacyjno-kondycyjne dla weteran\u00f3w poszkodowanych z uszczerbkiem poni\u017cej 30% (raz na trzy lata)<br>&#8211; obecnie mo\u017cliwo\u015b\u0107 skorzystania z tej formy pomocy utracona zostaje z dniem zako\u0144czenia s\u0142u\u017cby.<br>Ponadto, powo\u0142ane zostanie Centrum Leczenia Weteran\u00f3w dla wszystkich weteran\u00f3w poszkodowanych w Polsce, kt\u00f3re powstanie na bazie Wojskowego Instytutu Medycznego w Warszawie.<\/p>\n\n\n\n<p>Informujemy, \u017ce niniejsza publikacja ma jedynie charakter informacyjny. Nie stanowi ona wyk\u0142adni ani nie daje gwarancji na ww. uprawnienia do czasu og\u0142oszenia znowelizowanej ustawy o weteranach w Dzienniku Urz\u0119dowym.<br>Uchwalona przez Sejm nowelizacja podlega jeszcze pracom oraz g\u0142osowaniu w Senacie RP oraz podpisowi Prezydenta RP.<\/p>\n\n\n\n<p>Zacznie obowi\u0105zywa\u0107 po 30 dniach od og\u0142oszenia w dzienniku Urz\u0119dowym (z pewnymi wyj\u0105tkami).<\/p>\n","protected":false},"excerpt":{"rendered":"<p>Wi\u0119cej u\u0142atwie\u0144 dla weteran\u00f3w i weteran\u00f3w poszkodowanych w misjach poza granicami Polski przewiduje przyj\u0119ta 19 lipca br. przez Sejm nowelizacja ustawy o weteranach.Projekt rozwi\u0105za\u0144 przygotowanych w Ministerstwie Obrony Narodowej ma stworzy\u0107 bardziej efektywny system pomocy&#46;&#46;&#46;<\/p>\n","protected":false},"author":1,"featured_media":1683,"comment_status":"closed","ping_status":"open","sticky":false,"template":"","format":"standard","meta":{"ngg_post_thumbnail":0,"footnotes":""},"categories":[13],"tags":[],"_links":{"self":[{"href":"https:\/\/swmsw.pl\/index.php?rest_route=\/wp\/v2\/posts\/1682"}],"collection":[{"href":"https:\/\/swmsw.pl\/index.php?rest_route=\/wp\/v2\/posts"}],"about":[{"href":"https:\/\/swmsw.pl\/index.php?rest_route=\/wp\/v2\/types\/post"}],"author":[{"embeddable":true,"href":"https:\/\/swmsw.pl\/index.php?rest_route=\/wp\/v2\/users\/1"}],"replies":[{"embeddable":true,"href":"https:\/\/swmsw.pl\/index.php?rest_route=%2Fwp%2Fv2%2Fcomments&post=1682"}],"version-history":[{"count":1,"href":"https:\/\/swmsw.pl\/index.php?rest_route=\/wp\/v2\/posts\/1682\/revisions"}],"predecessor-version":[{"id":1684,"href":"https:\/\/swmsw.pl\/index.php?rest_route=\/wp\/v2\/posts\/1682\/revisions\/1684"}],"wp:featuredmedia":[{"embeddable":true,"href":"https:\/\/swmsw.pl\/index.php?rest_route=\/wp\/v2\/media\/1683"}],"wp:attachment":[{"href":"https:\/\/swmsw.pl\/index.php?rest_route=%2Fwp%2Fv2%2Fmedia&parent=1682"}],"wp:term":[{"taxonomy":"category","embeddable":true,"href":"https:\/\/swmsw.pl\/index.php?rest_route=%2Fwp%2Fv2%2Fcategories&post=1682"},{"taxonomy":"post_tag","embeddable":true,"href":"https:\/\/swmsw.pl\/index.php?rest_route=%2Fwp%2Fv2%2Ftags&post=1682"}],"curies":[{"name":"wp","href":"https:\/\/api.w.org\/{rel}","templated":true}]}}