{"id":1672,"date":"2019-07-21T08:15:30","date_gmt":"2019-07-21T08:15:30","guid":{"rendered":"https:\/\/swmsw.pl\/?p=1672"},"modified":"2019-10-13T06:51:53","modified_gmt":"2019-10-13T06:51:53","slug":"sejm-przyjal-nowelizacje-ustawy-o-weteranach","status":"publish","type":"post","link":"https:\/\/swmsw.pl\/?p=1672","title":{"rendered":"Sejm przyj\u0105\u0142 nowelizacj\u0119 ustawy o weteranach"},"content":{"rendered":"\n<p>Wi\u0119cej u\u0142atwie\u0144 dla weteran\u00f3w i weteran\u00f3w poszkodowanych w misjach poza granicami Polski przewiduje przyj\u0119ta 19 lipca br. przez Sejm nowelizacja ustawy o weteranach. Projekt rozwi\u0105za\u0144 przygotowanych w Ministerstwie Obrony Narodowej ma stworzy\u0107 bardziej efektywny systemu pomocy i wsparcia weteran\u00f3w.<\/p>\n\n\n\n<p>Czytaj wi\u0119cej:  <a href=\"https:\/\/www.gov.pl\/web\/obrona-narodowa\/dodatkowe-wsparcie-dla-weteranow-sejm-przyjal-nowelizacje-ustawy-o-weteranach?fbclid=IwAR1uVlfiVLIcUUMmy6YD3CJ7G19Rhi9I_wUExItRy6Dfac0HiKKeMOqZ8eE\" target=\"_blank\" rel=\"noreferrer noopener\" aria-label=\" (otwiera si\u0119 na nowej zak\u0142adce)\">https:\/\/www.gov.pl\/web\/obrona-narodowa\/dodatkowe-wsparcie-dla-weteranow-sejm-przyjal-nowelizacje-ustawy-o-weteranach?fbclid=IwAR1uVlfiVLIcUUMmy6YD3CJ7G19Rhi9I_wUExItRy6Dfac0HiKKeMOqZ8eE<\/a> <\/p>\n","protected":false},"excerpt":{"rendered":"<p>Wi\u0119cej u\u0142atwie\u0144 dla weteran\u00f3w i weteran\u00f3w poszkodowanych w misjach poza granicami Polski przewiduje przyj\u0119ta 19 lipca br. przez Sejm nowelizacja ustawy o weteranach. Projekt rozwi\u0105za\u0144 przygotowanych w Ministerstwie Obrony Narodowej ma stworzy\u0107 bardziej efektywny systemu&#46;&#46;&#46;<\/p>\n","protected":false},"author":1,"featured_media":1673,"comment_status":"closed","ping_status":"open","sticky":false,"template":"","format":"standard","meta":{"ngg_post_thumbnail":0,"footnotes":""},"categories":[13],"tags":[],"_links":{"self":[{"href":"https:\/\/swmsw.pl\/index.php?rest_route=\/wp\/v2\/posts\/1672"}],"collection":[{"href":"https:\/\/swmsw.pl\/index.php?rest_route=\/wp\/v2\/posts"}],"about":[{"href":"https:\/\/swmsw.pl\/index.php?rest_route=\/wp\/v2\/types\/post"}],"author":[{"embeddable":true,"href":"https:\/\/swmsw.pl\/index.php?rest_route=\/wp\/v2\/users\/1"}],"replies":[{"embeddable":true,"href":"https:\/\/swmsw.pl\/index.php?rest_route=%2Fwp%2Fv2%2Fcomments&post=1672"}],"version-history":[{"count":1,"href":"https:\/\/swmsw.pl\/index.php?rest_route=\/wp\/v2\/posts\/1672\/revisions"}],"predecessor-version":[{"id":1674,"href":"https:\/\/swmsw.pl\/index.php?rest_route=\/wp\/v2\/posts\/1672\/revisions\/1674"}],"wp:featuredmedia":[{"embeddable":true,"href":"https:\/\/swmsw.pl\/index.php?rest_route=\/wp\/v2\/media\/1673"}],"wp:attachment":[{"href":"https:\/\/swmsw.pl\/index.php?rest_route=%2Fwp%2Fv2%2Fmedia&parent=1672"}],"wp:term":[{"taxonomy":"category","embeddable":true,"href":"https:\/\/swmsw.pl\/index.php?rest_route=%2Fwp%2Fv2%2Fcategories&post=1672"},{"taxonomy":"post_tag","embeddable":true,"href":"https:\/\/swmsw.pl\/index.php?rest_route=%2Fwp%2Fv2%2Ftags&post=1672"}],"curies":[{"name":"wp","href":"https:\/\/api.w.org\/{rel}","templated":true}]}}