{"id":1664,"date":"2019-07-10T17:24:56","date_gmt":"2019-07-10T17:24:56","guid":{"rendered":"https:\/\/swmsw.pl\/?p=1664"},"modified":"2019-07-10T17:24:56","modified_gmt":"2019-07-10T17:24:56","slug":"veterans-day-parade","status":"publish","type":"post","link":"https:\/\/swmsw.pl\/?p=1664","title":{"rendered":"Veterans Day Parade"},"content":{"rendered":"\n<p>Udzia\u0142 w Paradzie Weteran\u00f3w na Manhattanie &#8211; \u201eNew York City Veterans Day Parade&#8221;.  <\/p>\n\n\n\n<p>Nadmieniamy, \u017ce Centrum Weterana wspiera projekt informacyjnie w zakresie mo\u017cliwo\u015bci udzia\u0142u weteran\u00f3w w tym przedsi\u0119wzi\u0119ciu, lecz, nie koordynuje zapis\u00f3w oraz spraw zwi\u0105zanych z przemieszczeniem i bezpo\u015brednim udzia\u0142em w tym przedsi\u0119wzi\u0119ciu. <\/p>\n\n\n\n<p>Czytaj wi\u0119cej: <a rel=\"noreferrer noopener\" aria-label=\" (otwiera si\u0119 na nowej zak\u0142adce)\" href=\"https:\/\/cwdpgp.wp.mil.pl\/pl\/articles6-aktualnosci\/2019-07-10u-veterans-day-parade\/\" target=\"_blank\">https:\/\/cwdpgp.wp.mil.pl\/pl\/articles6-aktualnosci\/2019-07-10u-veterans-day-parade\/<\/a><\/p>\n","protected":false},"excerpt":{"rendered":"<p>Udzia\u0142 w Paradzie Weteran\u00f3w na Manhattanie &#8211; \u201eNew York City Veterans Day Parade&#8221;. Nadmieniamy, \u017ce Centrum Weterana wspiera projekt informacyjnie w zakresie mo\u017cliwo\u015bci udzia\u0142u weteran\u00f3w w tym przedsi\u0119wzi\u0119ciu, lecz, nie koordynuje zapis\u00f3w oraz spraw zwi\u0105zanych&#46;&#46;&#46;<\/p>\n","protected":false},"author":1,"featured_media":1665,"comment_status":"closed","ping_status":"open","sticky":false,"template":"","format":"standard","meta":{"ngg_post_thumbnail":0,"footnotes":""},"categories":[4],"tags":[],"_links":{"self":[{"href":"https:\/\/swmsw.pl\/index.php?rest_route=\/wp\/v2\/posts\/1664"}],"collection":[{"href":"https:\/\/swmsw.pl\/index.php?rest_route=\/wp\/v2\/posts"}],"about":[{"href":"https:\/\/swmsw.pl\/index.php?rest_route=\/wp\/v2\/types\/post"}],"author":[{"embeddable":true,"href":"https:\/\/swmsw.pl\/index.php?rest_route=\/wp\/v2\/users\/1"}],"replies":[{"embeddable":true,"href":"https:\/\/swmsw.pl\/index.php?rest_route=%2Fwp%2Fv2%2Fcomments&post=1664"}],"version-history":[{"count":1,"href":"https:\/\/swmsw.pl\/index.php?rest_route=\/wp\/v2\/posts\/1664\/revisions"}],"predecessor-version":[{"id":1666,"href":"https:\/\/swmsw.pl\/index.php?rest_route=\/wp\/v2\/posts\/1664\/revisions\/1666"}],"wp:featuredmedia":[{"embeddable":true,"href":"https:\/\/swmsw.pl\/index.php?rest_route=\/wp\/v2\/media\/1665"}],"wp:attachment":[{"href":"https:\/\/swmsw.pl\/index.php?rest_route=%2Fwp%2Fv2%2Fmedia&parent=1664"}],"wp:term":[{"taxonomy":"category","embeddable":true,"href":"https:\/\/swmsw.pl\/index.php?rest_route=%2Fwp%2Fv2%2Fcategories&post=1664"},{"taxonomy":"post_tag","embeddable":true,"href":"https:\/\/swmsw.pl\/index.php?rest_route=%2Fwp%2Fv2%2Ftags&post=1664"}],"curies":[{"name":"wp","href":"https:\/\/api.w.org\/{rel}","templated":true}]}}