{"id":1642,"date":"2019-06-26T09:22:12","date_gmt":"2019-06-26T09:22:12","guid":{"rendered":"https:\/\/swmsw.pl\/?p=1642"},"modified":"2019-06-26T09:22:12","modified_gmt":"2019-06-26T09:22:12","slug":"bieszczadzcy-pogranicznicy-na-misjach","status":"publish","type":"post","link":"https:\/\/swmsw.pl\/?p=1642","title":{"rendered":"Bieszczadzcy pogranicznicy na misjach"},"content":{"rendered":"\n<p>Ro\u015bnie liczba funkcjonariuszy Bieszczadzkiego Oddzia\u0142u Stra\u017cy Granicznej bior\u0105cych udzia\u0142 w misjach zagranicznych. W tym roku uczestniczy\u0142o w nich ju\u017c 31 stra\u017cnik\u00f3w z Podkarpacia, 8 nadal przebywa poza granicami kraju, a do ko\u0144ca roku wyjazd planuje kolejnych dwudziestu.<\/p>\n\n\n\n<p>Mi\u0119dzynarodowe operacje organizowane s\u0105 przez Europejsk\u0105 Agencj\u0119 Stra\u017cy Granicznej i Przybrze\u017cnej Frontex. Ponadto, Bieszczadzki Oddzia\u0142 Stra\u017cy Granicznej deleguje swoich funkcjonariuszy na misje w oparciu o umowy bilateralne. W tym roku na granic\u0119 macedo\u0144sko-greck\u0105 wyjedzie oko\u0142o 40 stra\u017cnik\u00f3w granicznych z Podkarpacia.<\/p>\n\n\n\n<p>Funkcjonariusze wyposa\u017ceni w sprz\u0119t oraz pojazdy Stra\u017cy Granicznej wspieraj\u0105 koleg\u00f3w m.in. z Hiszpanii, W\u0142och, Grecji, Bu\u0142garii oraz Republiki P\u00f3\u0142nocnej Macedonii. Na miejscu kontroluj\u0105 podr\u00f3\u017cnych i pojazdy na przej\u015bciach granicznych, walcz\u0105 z przemytem, ochraniaj\u0105 tzw. zielon\u0105 granic\u0119 oraz m.in. ustalaj\u0105 kraje pochodzenia imigrant\u00f3w. Zajmuj\u0105 te\u017c stanowiska kierownicze. M.in. koordynuj\u0105 misje mi\u0119dzynarodowych zespo\u0142\u00f3w chroni\u0105cych granice w Europie.<\/p>\n\n\n\n<p>W Przemy\u015blu dzi\u015b podsumowano zagraniczn\u0105 aktywno\u015b\u0107 bieszczadzkich pogranicznik\u00f3w. Przedstawiono m.in. aktualn\u0105 sytuacj\u0119 migracyjn\u0105 na po\u0142udniu Europy, realia s\u0142u\u017cby poza granicami kraju oraz rozwi\u0105zania w zakresie kontroli granicznej stosowane przez inne\u00a0 s\u0142u\u017cby. Poruszono tak\u017ce sprawy logistyczne zwi\u0105zane z organizacj\u0105 misji zagranicznych. <\/p>\n\n\n\n<p><em>Polskie Radio Rzesz\u00f3w<\/em>, <em>25 Cze, 2019 17:25<\/em><\/p>\n","protected":false},"excerpt":{"rendered":"<p>Ro\u015bnie liczba funkcjonariuszy Bieszczadzkiego Oddzia\u0142u Stra\u017cy Granicznej bior\u0105cych udzia\u0142 w misjach zagranicznych. W tym roku uczestniczy\u0142o w nich ju\u017c 31 stra\u017cnik\u00f3w z Podkarpacia, 8 nadal przebywa poza granicami kraju, a do ko\u0144ca roku wyjazd planuje&#46;&#46;&#46;<\/p>\n","protected":false},"author":1,"featured_media":1643,"comment_status":"closed","ping_status":"open","sticky":false,"template":"","format":"standard","meta":{"ngg_post_thumbnail":0,"footnotes":""},"categories":[8],"tags":[],"_links":{"self":[{"href":"https:\/\/swmsw.pl\/index.php?rest_route=\/wp\/v2\/posts\/1642"}],"collection":[{"href":"https:\/\/swmsw.pl\/index.php?rest_route=\/wp\/v2\/posts"}],"about":[{"href":"https:\/\/swmsw.pl\/index.php?rest_route=\/wp\/v2\/types\/post"}],"author":[{"embeddable":true,"href":"https:\/\/swmsw.pl\/index.php?rest_route=\/wp\/v2\/users\/1"}],"replies":[{"embeddable":true,"href":"https:\/\/swmsw.pl\/index.php?rest_route=%2Fwp%2Fv2%2Fcomments&post=1642"}],"version-history":[{"count":1,"href":"https:\/\/swmsw.pl\/index.php?rest_route=\/wp\/v2\/posts\/1642\/revisions"}],"predecessor-version":[{"id":1644,"href":"https:\/\/swmsw.pl\/index.php?rest_route=\/wp\/v2\/posts\/1642\/revisions\/1644"}],"wp:featuredmedia":[{"embeddable":true,"href":"https:\/\/swmsw.pl\/index.php?rest_route=\/wp\/v2\/media\/1643"}],"wp:attachment":[{"href":"https:\/\/swmsw.pl\/index.php?rest_route=%2Fwp%2Fv2%2Fmedia&parent=1642"}],"wp:term":[{"taxonomy":"category","embeddable":true,"href":"https:\/\/swmsw.pl\/index.php?rest_route=%2Fwp%2Fv2%2Fcategories&post=1642"},{"taxonomy":"post_tag","embeddable":true,"href":"https:\/\/swmsw.pl\/index.php?rest_route=%2Fwp%2Fv2%2Ftags&post=1642"}],"curies":[{"name":"wp","href":"https:\/\/api.w.org\/{rel}","templated":true}]}}