{"id":1241,"date":"2018-09-29T17:42:16","date_gmt":"2018-09-29T17:42:16","guid":{"rendered":"https:\/\/swmsw.pl\/?p=1241"},"modified":"2019-10-13T07:12:50","modified_gmt":"2019-10-13T07:12:50","slug":"i-edycja-zawodow-strzeleckich-o-puchar-prezesa-stowarzyszenia-weteranow-dzialan-poza-granicami-rzeczypospolitej-polskiej-debe-29-wrzesnia-2018-r","status":"publish","type":"post","link":"https:\/\/swmsw.pl\/?p=1241","title":{"rendered":"I Edycja Zawod\u00f3w Strzeleckich o Puchar Prezesa Stowarzyszenia Weteran\u00f3w Dzia\u0142a\u0144 Poza Granicami Rzeczypospolitej Polskiej D\u0119be, 29 wrze\u015bnia 2018 r."},"content":{"rendered":"\n<p><em>Zawody organizowane w\u00a0celu integracji \u015brodowiska Weteran\u00f3w, doskonalenia umiej\u0119tno\u015bci strzeleckich i\u00a0propagowania zasady fair\u00a0play we wsp\u00f3\u0142zawodnictwie w\u00a0sportach strzeleckich.<\/em><\/p>\n\n\n\n<p>Zawody Strzeleckie o\u00a0Puchar Prezesa Stowarzyszenia Weteran\u00f3w Dzia\u0142a\u0144 Poza Granicami Rzeczypospolitej Polskiej odby\u0142y si\u0119 w\u00a0dniu 29\u00a0wrze\u015bnia 2018\u00a0roku na strzelnicy znajduj\u0105cej si\u0119 w\u00a0Liceum Og\u00f3lnokszta\u0142c\u0105cym w\u00a0Komornicy ul.\u00a0Nasielska\u00a07, przy zaporze w\u00a0D\u0119bem, w\u00a0odleg\u0142o\u015bci ok.\u00a025\u00a0km od Warszawy. <\/p>\n\n\n\n<p>Pi\u0119kna s\u0142oneczna pogoda&#8230; kameralna &#8222;le\u015bna&#8221; strzelnica i&#8230;\u00a0do wyboru &#8211; zapach prochu lub lasu po deszczu &#8211; lubi\u0119 jedno i\u00a0drugie. Na \u0142\u0105czny wynik sk\u0142ada\u0142y si\u0119 punkty uzyskane w\u00a0dw\u00f3ch konkurencjach strzeleckich: Nr\u00a01 &#8211; statycznym i\u00a0Nr\u00a02 &#8211; szybkim (dystans\u00a025\u00a0m.) I.\u00a0miejsce zaj\u0105\u0142 Kolega Andrzej Idzikowski, II.\u00a0Prezes Stowarzyszenia i\u00a0III.\u00a0Kol. Ma\u0142gorzata D\u0105browska &#8211; otrzymali statuetki. Pozosta\u0142ym zawodnikom wr\u0119czono medale. Dzi\u0119kuj\u0119 Kol.\u00a0Andrzejowi za perfekcyjn\u0105 realizacj\u0119 przedsi\u0119wzi\u0119cia &#8211; spr\u00f3bujesz za\u00a0rok\u00a0?<\/p>\n\n\n\n<p>no images were found<\/p>\n","protected":false},"excerpt":{"rendered":"<p>Zawody organizowane w\u00a0celu integracji \u015brodowiska Weteran\u00f3w, doskonalenia umiej\u0119tno\u015bci strzeleckich i\u00a0propagowania zasady fair\u00a0play we wsp\u00f3\u0142zawodnictwie w\u00a0sportach strzeleckich. Zawody Strzeleckie o\u00a0Puchar Prezesa Stowarzyszenia Weteran\u00f3w Dzia\u0142a\u0144 Poza Granicami Rzeczypospolitej Polskiej odby\u0142y si\u0119 w\u00a0dniu 29\u00a0wrze\u015bnia 2018\u00a0roku na strzelnicy znajduj\u0105cej&#46;&#46;&#46;<\/p>\n","protected":false},"author":1,"featured_media":1242,"comment_status":"closed","ping_status":"open","sticky":false,"template":"","format":"standard","meta":{"ngg_post_thumbnail":0,"footnotes":""},"categories":[15,16],"tags":[],"_links":{"self":[{"href":"https:\/\/swmsw.pl\/index.php?rest_route=\/wp\/v2\/posts\/1241"}],"collection":[{"href":"https:\/\/swmsw.pl\/index.php?rest_route=\/wp\/v2\/posts"}],"about":[{"href":"https:\/\/swmsw.pl\/index.php?rest_route=\/wp\/v2\/types\/post"}],"author":[{"embeddable":true,"href":"https:\/\/swmsw.pl\/index.php?rest_route=\/wp\/v2\/users\/1"}],"replies":[{"embeddable":true,"href":"https:\/\/swmsw.pl\/index.php?rest_route=%2Fwp%2Fv2%2Fcomments&post=1241"}],"version-history":[{"count":1,"href":"https:\/\/swmsw.pl\/index.php?rest_route=\/wp\/v2\/posts\/1241\/revisions"}],"predecessor-version":[{"id":1243,"href":"https:\/\/swmsw.pl\/index.php?rest_route=\/wp\/v2\/posts\/1241\/revisions\/1243"}],"wp:featuredmedia":[{"embeddable":true,"href":"https:\/\/swmsw.pl\/index.php?rest_route=\/wp\/v2\/media\/1242"}],"wp:attachment":[{"href":"https:\/\/swmsw.pl\/index.php?rest_route=%2Fwp%2Fv2%2Fmedia&parent=1241"}],"wp:term":[{"taxonomy":"category","embeddable":true,"href":"https:\/\/swmsw.pl\/index.php?rest_route=%2Fwp%2Fv2%2Fcategories&post=1241"},{"taxonomy":"post_tag","embeddable":true,"href":"https:\/\/swmsw.pl\/index.php?rest_route=%2Fwp%2Fv2%2Ftags&post=1241"}],"curies":[{"name":"wp","href":"https:\/\/api.w.org\/{rel}","templated":true}]}}