{"id":1185,"date":"2017-09-12T16:15:01","date_gmt":"2017-09-12T16:15:01","guid":{"rendered":"https:\/\/swmsw.pl\/?p=1185"},"modified":"2019-05-16T16:35:59","modified_gmt":"2019-05-16T16:35:59","slug":"wojsko-polskie-pamieci-poleglych-w-misjach","status":"publish","type":"post","link":"https:\/\/swmsw.pl\/?p=1185","title":{"rendered":"Wojsko Polskie &#8211; Pami\u0119ci Poleg\u0142ych w Misjach"},"content":{"rendered":"\n<p>\u015apij kolego, a w tym grobie niech si\u0119 Polska przy\u015bni Tobie &#8230; <a rel=\"noreferrer noopener\" aria-label=\" (otwiera si\u0119 na nowej zak\u0142adce)\" href=\"http:\/\/www.wojsko-polskie.pl\/pl\/pamieci-poleglych\" target=\"_blank\">http:\/\/www.wojsko-polskie.pl\/pl\/pamieci-poleglych<\/a><\/p>\n","protected":false},"excerpt":{"rendered":"<p>\u015apij kolego, a w tym grobie niech si\u0119 Polska przy\u015bni Tobie &#8230; http:\/\/www.wojsko-polskie.pl\/pl\/pamieci-poleglych<\/p>\n","protected":false},"author":1,"featured_media":1186,"comment_status":"closed","ping_status":"open","sticky":false,"template":"","format":"standard","meta":{"ngg_post_thumbnail":0,"footnotes":""},"categories":[9],"tags":[],"_links":{"self":[{"href":"https:\/\/swmsw.pl\/index.php?rest_route=\/wp\/v2\/posts\/1185"}],"collection":[{"href":"https:\/\/swmsw.pl\/index.php?rest_route=\/wp\/v2\/posts"}],"about":[{"href":"https:\/\/swmsw.pl\/index.php?rest_route=\/wp\/v2\/types\/post"}],"author":[{"embeddable":true,"href":"https:\/\/swmsw.pl\/index.php?rest_route=\/wp\/v2\/users\/1"}],"replies":[{"embeddable":true,"href":"https:\/\/swmsw.pl\/index.php?rest_route=%2Fwp%2Fv2%2Fcomments&post=1185"}],"version-history":[{"count":4,"href":"https:\/\/swmsw.pl\/index.php?rest_route=\/wp\/v2\/posts\/1185\/revisions"}],"predecessor-version":[{"id":1190,"href":"https:\/\/swmsw.pl\/index.php?rest_route=\/wp\/v2\/posts\/1185\/revisions\/1190"}],"wp:featuredmedia":[{"embeddable":true,"href":"https:\/\/swmsw.pl\/index.php?rest_route=\/wp\/v2\/media\/1186"}],"wp:attachment":[{"href":"https:\/\/swmsw.pl\/index.php?rest_route=%2Fwp%2Fv2%2Fmedia&parent=1185"}],"wp:term":[{"taxonomy":"category","embeddable":true,"href":"https:\/\/swmsw.pl\/index.php?rest_route=%2Fwp%2Fv2%2Fcategories&post=1185"},{"taxonomy":"post_tag","embeddable":true,"href":"https:\/\/swmsw.pl\/index.php?rest_route=%2Fwp%2Fv2%2Ftags&post=1185"}],"curies":[{"name":"wp","href":"https:\/\/api.w.org\/{rel}","templated":true}]}}